{"id":138,"date":"2024-12-01T15:12:47","date_gmt":"2024-12-01T14:12:47","guid":{"rendered":"http:\/\/dcg-guesde-montpellier.fr\/?p=138"},"modified":"2025-12-01T10:57:41","modified_gmt":"2025-12-01T09:57:41","slug":"portes-ouvertes-post-bac-au-lycee-jules-guesde","status":"publish","type":"post","link":"https:\/\/dcg-guesde-montpellier.fr\/?p=138","title":{"rendered":"Portes ouvertes post-bac au lyc\u00e9e Jules Guesde"},"content":{"rendered":"\n<div class=\"wp-block-media-text alignwide is-stacked-on-mobile\" style=\"grid-template-columns:26% auto\"><figure class=\"wp-block-media-text__media\"><img loading=\"lazy\" decoding=\"async\" width=\"1024\" height=\"872\" src=\"http:\/\/dcg-guesde-montpellier.fr\/wp-content\/uploads\/2024\/12\/pexels-timmossholder-1706018-1024x872.jpg\" alt=\"\" class=\"wp-image-1493 size-full\" srcset=\"https:\/\/dcg-guesde-montpellier.fr\/wp-content\/uploads\/2024\/12\/pexels-timmossholder-1706018-1024x872.jpg 1024w, https:\/\/dcg-guesde-montpellier.fr\/wp-content\/uploads\/2024\/12\/pexels-timmossholder-1706018-300x255.jpg 300w, https:\/\/dcg-guesde-montpellier.fr\/wp-content\/uploads\/2024\/12\/pexels-timmossholder-1706018-768x654.jpg 768w, https:\/\/dcg-guesde-montpellier.fr\/wp-content\/uploads\/2024\/12\/pexels-timmossholder-1706018-1536x1308.jpg 1536w, https:\/\/dcg-guesde-montpellier.fr\/wp-content\/uploads\/2024\/12\/pexels-timmossholder-1706018-2048x1744.jpg 2048w\" sizes=\"auto, (max-width: 1024px) 100vw, 1024px\" \/><\/figure><div class=\"wp-block-media-text__content\">\n<p class=\"has-normal-font-size\">Les portes ouvertes auront lieu le <mark style=\"background-color:rgba(0, 0, 0, 0)\" class=\"has-inline-color has-vivid-red-color\">samedi<\/mark> <mark style=\"background-color:rgba(0, 0, 0, 0)\" class=\"has-inline-color has-vivid-red-color\">14 f\u00e9vrier 2026 <\/mark><mark style=\"background-color:rgba(0, 0, 0, 0)\" class=\"has-inline-color has-black-color\">de<\/mark><mark style=\"background-color:rgba(0, 0, 0, 0)\" class=\"has-inline-color has-vivid-red-color\"> 9h \u00e0 12h<\/mark>.<\/p>\n\n\n\n<p class=\"has-normal-font-size\">Vous pourrez y rencontrer l&rsquo;\u00e9quipe enseignante du DCG ainsi que les \u00e9tudiants actuellement en formation.<\/p>\n<\/div><\/div>\n\n\n\n<p><\/p>\n","protected":false},"excerpt":{"rendered":"<p>Les portes ouvertes auront lieu le samedi 14 f\u00e9vrier 2026 de 9h \u00e0 12h. Vous pourrez y rencontrer l&rsquo;\u00e9quipe enseignante du DCG ainsi que les \u00e9tudiants actuellement en formation.<\/p>\n","protected":false},"author":1,"featured_media":0,"comment_status":"closed","ping_status":"closed","sticky":false,"template":"","format":"standard","meta":{"footnotes":""},"categories":[1],"tags":[],"class_list":["post-138","post","type-post","status-publish","format-standard","hentry","category-non-classe"],"yoast_head":"<!-- This site is optimized with the Yoast SEO plugin v26.4 - https:\/\/yoast.com\/wordpress\/plugins\/seo\/ -->\n<title>Portes ouvertes post-bac au lyc\u00e9e Jules Guesde - DCG - Lyc\u00e9e Jules Guesde - Montpellier<\/title>\n<meta name=\"robots\" content=\"index, follow, max-snippet:-1, max-image-preview:large, max-video-preview:-1\" \/>\n<link rel=\"canonical\" href=\"https:\/\/dcg-guesde-montpellier.fr\/?p=138\" \/>\n<meta property=\"og:locale\" content=\"fr_FR\" \/>\n<meta property=\"og:type\" content=\"article\" \/>\n<meta property=\"og:title\" content=\"Portes ouvertes post-bac au lyc\u00e9e Jules Guesde - DCG - Lyc\u00e9e Jules Guesde - Montpellier\" \/>\n<meta property=\"og:description\" content=\"Les portes ouvertes auront lieu le samedi 14 f\u00e9vrier 2026 de 9h \u00e0 12h. Vous pourrez y rencontrer l&rsquo;\u00e9quipe enseignante du DCG ainsi que les \u00e9tudiants actuellement en formation.\" \/>\n<meta property=\"og:url\" content=\"https:\/\/dcg-guesde-montpellier.fr\/?p=138\" \/>\n<meta property=\"og:site_name\" content=\"DCG - Lyc\u00e9e Jules Guesde - Montpellier\" \/>\n<meta property=\"article:published_time\" content=\"2024-12-01T14:12:47+00:00\" \/>\n<meta property=\"article:modified_time\" content=\"2025-12-01T09:57:41+00:00\" \/>\n<meta property=\"og:image\" content=\"https:\/\/dcg-guesde-montpellier.fr\/wp-content\/uploads\/2024\/12\/pexels-timmossholder-1706018-scaled.jpg\" \/>\n\t<meta property=\"og:image:width\" content=\"2560\" \/>\n\t<meta property=\"og:image:height\" content=\"2180\" \/>\n\t<meta property=\"og:image:type\" content=\"image\/jpeg\" \/>\n<meta name=\"author\" content=\"\u00c9quipe DCG\" \/>\n<meta name=\"twitter:card\" content=\"summary_large_image\" \/>\n<meta name=\"twitter:label1\" content=\"\u00c9crit par\" \/>\n\t<meta name=\"twitter:data1\" content=\"\u00c9quipe DCG\" \/>\n\t<meta name=\"twitter:label2\" content=\"Dur\u00e9e de lecture estim\u00e9e\" \/>\n\t<meta name=\"twitter:data2\" content=\"1 minute\" \/>\n<script type=\"application\/ld+json\" class=\"yoast-schema-graph\">{\"@context\":\"https:\/\/schema.org\",\"@graph\":[{\"@type\":\"Article\",\"@id\":\"https:\/\/dcg-guesde-montpellier.fr\/?p=138#article\",\"isPartOf\":{\"@id\":\"https:\/\/dcg-guesde-montpellier.fr\/?p=138\"},\"author\":{\"name\":\"\u00c9quipe DCG\",\"@id\":\"https:\/\/dcg-guesde-montpellier.fr\/#\/schema\/person\/3d51aca70c5f48a1b5b00cccda0a4bac\"},\"headline\":\"Portes ouvertes post-bac au lyc\u00e9e Jules Guesde\",\"datePublished\":\"2024-12-01T14:12:47+00:00\",\"dateModified\":\"2025-12-01T09:57:41+00:00\",\"mainEntityOfPage\":{\"@id\":\"https:\/\/dcg-guesde-montpellier.fr\/?p=138\"},\"wordCount\":36,\"publisher\":{\"@id\":\"https:\/\/dcg-guesde-montpellier.fr\/#organization\"},\"image\":{\"@id\":\"https:\/\/dcg-guesde-montpellier.fr\/?p=138#primaryimage\"},\"thumbnailUrl\":\"http:\/\/dcg-guesde-montpellier.fr\/wp-content\/uploads\/2024\/12\/pexels-timmossholder-1706018-1024x872.jpg\",\"inLanguage\":\"fr-FR\"},{\"@type\":\"WebPage\",\"@id\":\"https:\/\/dcg-guesde-montpellier.fr\/?p=138\",\"url\":\"https:\/\/dcg-guesde-montpellier.fr\/?p=138\",\"name\":\"Portes ouvertes post-bac au lyc\u00e9e Jules Guesde - DCG - Lyc\u00e9e Jules Guesde - Montpellier\",\"isPartOf\":{\"@id\":\"https:\/\/dcg-guesde-montpellier.fr\/#website\"},\"primaryImageOfPage\":{\"@id\":\"https:\/\/dcg-guesde-montpellier.fr\/?p=138#primaryimage\"},\"image\":{\"@id\":\"https:\/\/dcg-guesde-montpellier.fr\/?p=138#primaryimage\"},\"thumbnailUrl\":\"http:\/\/dcg-guesde-montpellier.fr\/wp-content\/uploads\/2024\/12\/pexels-timmossholder-1706018-1024x872.jpg\",\"datePublished\":\"2024-12-01T14:12:47+00:00\",\"dateModified\":\"2025-12-01T09:57:41+00:00\",\"breadcrumb\":{\"@id\":\"https:\/\/dcg-guesde-montpellier.fr\/?p=138#breadcrumb\"},\"inLanguage\":\"fr-FR\",\"potentialAction\":[{\"@type\":\"ReadAction\",\"target\":[\"https:\/\/dcg-guesde-montpellier.fr\/?p=138\"]}]},{\"@type\":\"ImageObject\",\"inLanguage\":\"fr-FR\",\"@id\":\"https:\/\/dcg-guesde-montpellier.fr\/?p=138#primaryimage\",\"url\":\"https:\/\/dcg-guesde-montpellier.fr\/wp-content\/uploads\/2024\/12\/pexels-timmossholder-1706018-scaled.jpg\",\"contentUrl\":\"https:\/\/dcg-guesde-montpellier.fr\/wp-content\/uploads\/2024\/12\/pexels-timmossholder-1706018-scaled.jpg\",\"width\":2560,\"height\":2180},{\"@type\":\"BreadcrumbList\",\"@id\":\"https:\/\/dcg-guesde-montpellier.fr\/?p=138#breadcrumb\",\"itemListElement\":[{\"@type\":\"ListItem\",\"position\":1,\"name\":\"Accueil\",\"item\":\"https:\/\/dcg-guesde-montpellier.fr\/\"},{\"@type\":\"ListItem\",\"position\":2,\"name\":\"Portes ouvertes post-bac au lyc\u00e9e Jules Guesde\"}]},{\"@type\":\"WebSite\",\"@id\":\"https:\/\/dcg-guesde-montpellier.fr\/#website\",\"url\":\"https:\/\/dcg-guesde-montpellier.fr\/\",\"name\":\"DCG - Lyc\u00e9e Jules Guesde - Montpellier\",\"description\":\"Un site utilisant WordPress\",\"publisher\":{\"@id\":\"https:\/\/dcg-guesde-montpellier.fr\/#organization\"},\"potentialAction\":[{\"@type\":\"SearchAction\",\"target\":{\"@type\":\"EntryPoint\",\"urlTemplate\":\"https:\/\/dcg-guesde-montpellier.fr\/?s={search_term_string}\"},\"query-input\":{\"@type\":\"PropertyValueSpecification\",\"valueRequired\":true,\"valueName\":\"search_term_string\"}}],\"inLanguage\":\"fr-FR\"},{\"@type\":\"Organization\",\"@id\":\"https:\/\/dcg-guesde-montpellier.fr\/#organization\",\"name\":\"DCG - Lyc\u00e9e Jules Guesde - Montpellier\",\"url\":\"https:\/\/dcg-guesde-montpellier.fr\/\",\"logo\":{\"@type\":\"ImageObject\",\"inLanguage\":\"fr-FR\",\"@id\":\"https:\/\/dcg-guesde-montpellier.fr\/#\/schema\/logo\/image\/\",\"url\":\"http:\/\/dcg-guesde-montpellier.fr\/wp-content\/uploads\/2021\/11\/logo_guesde-2.jpg\",\"contentUrl\":\"http:\/\/dcg-guesde-montpellier.fr\/wp-content\/uploads\/2021\/11\/logo_guesde-2.jpg\",\"width\":300,\"height\":267,\"caption\":\"DCG - Lyc\u00e9e Jules Guesde - Montpellier\"},\"image\":{\"@id\":\"https:\/\/dcg-guesde-montpellier.fr\/#\/schema\/logo\/image\/\"}},{\"@type\":\"Person\",\"@id\":\"https:\/\/dcg-guesde-montpellier.fr\/#\/schema\/person\/3d51aca70c5f48a1b5b00cccda0a4bac\",\"name\":\"\u00c9quipe DCG\",\"image\":{\"@type\":\"ImageObject\",\"inLanguage\":\"fr-FR\",\"@id\":\"https:\/\/dcg-guesde-montpellier.fr\/#\/schema\/person\/image\/\",\"url\":\"https:\/\/secure.gravatar.com\/avatar\/81fcc7504e51caf02f5d972604a580adf769fd0025368c5504c7b26f6132e207?s=96&d=mm&r=g\",\"contentUrl\":\"https:\/\/secure.gravatar.com\/avatar\/81fcc7504e51caf02f5d972604a580adf769fd0025368c5504c7b26f6132e207?s=96&d=mm&r=g\",\"caption\":\"\u00c9quipe DCG\"},\"sameAs\":[\"http:\/\/dcg-guesde-montpellier.fr\"],\"url\":\"https:\/\/dcg-guesde-montpellier.fr\/?author=1\"}]}<\/script>\n<!-- \/ Yoast SEO plugin. -->","yoast_head_json":{"title":"Portes ouvertes post-bac au lyc\u00e9e Jules Guesde - DCG - Lyc\u00e9e Jules Guesde - Montpellier","robots":{"index":"index","follow":"follow","max-snippet":"max-snippet:-1","max-image-preview":"max-image-preview:large","max-video-preview":"max-video-preview:-1"},"canonical":"https:\/\/dcg-guesde-montpellier.fr\/?p=138","og_locale":"fr_FR","og_type":"article","og_title":"Portes ouvertes post-bac au lyc\u00e9e Jules Guesde - DCG - Lyc\u00e9e Jules Guesde - Montpellier","og_description":"Les portes ouvertes auront lieu le samedi 14 f\u00e9vrier 2026 de 9h \u00e0 12h. Vous pourrez y rencontrer l&rsquo;\u00e9quipe enseignante du DCG ainsi que les \u00e9tudiants actuellement en formation.","og_url":"https:\/\/dcg-guesde-montpellier.fr\/?p=138","og_site_name":"DCG - Lyc\u00e9e Jules Guesde - Montpellier","article_published_time":"2024-12-01T14:12:47+00:00","article_modified_time":"2025-12-01T09:57:41+00:00","og_image":[{"width":2560,"height":2180,"url":"https:\/\/dcg-guesde-montpellier.fr\/wp-content\/uploads\/2024\/12\/pexels-timmossholder-1706018-scaled.jpg","type":"image\/jpeg"}],"author":"\u00c9quipe DCG","twitter_card":"summary_large_image","twitter_misc":{"\u00c9crit par":"\u00c9quipe DCG","Dur\u00e9e de lecture estim\u00e9e":"1 minute"},"schema":{"@context":"https:\/\/schema.org","@graph":[{"@type":"Article","@id":"https:\/\/dcg-guesde-montpellier.fr\/?p=138#article","isPartOf":{"@id":"https:\/\/dcg-guesde-montpellier.fr\/?p=138"},"author":{"name":"\u00c9quipe DCG","@id":"https:\/\/dcg-guesde-montpellier.fr\/#\/schema\/person\/3d51aca70c5f48a1b5b00cccda0a4bac"},"headline":"Portes ouvertes post-bac au lyc\u00e9e Jules Guesde","datePublished":"2024-12-01T14:12:47+00:00","dateModified":"2025-12-01T09:57:41+00:00","mainEntityOfPage":{"@id":"https:\/\/dcg-guesde-montpellier.fr\/?p=138"},"wordCount":36,"publisher":{"@id":"https:\/\/dcg-guesde-montpellier.fr\/#organization"},"image":{"@id":"https:\/\/dcg-guesde-montpellier.fr\/?p=138#primaryimage"},"thumbnailUrl":"http:\/\/dcg-guesde-montpellier.fr\/wp-content\/uploads\/2024\/12\/pexels-timmossholder-1706018-1024x872.jpg","inLanguage":"fr-FR"},{"@type":"WebPage","@id":"https:\/\/dcg-guesde-montpellier.fr\/?p=138","url":"https:\/\/dcg-guesde-montpellier.fr\/?p=138","name":"Portes ouvertes post-bac au lyc\u00e9e Jules Guesde - DCG - Lyc\u00e9e Jules Guesde - Montpellier","isPartOf":{"@id":"https:\/\/dcg-guesde-montpellier.fr\/#website"},"primaryImageOfPage":{"@id":"https:\/\/dcg-guesde-montpellier.fr\/?p=138#primaryimage"},"image":{"@id":"https:\/\/dcg-guesde-montpellier.fr\/?p=138#primaryimage"},"thumbnailUrl":"http:\/\/dcg-guesde-montpellier.fr\/wp-content\/uploads\/2024\/12\/pexels-timmossholder-1706018-1024x872.jpg","datePublished":"2024-12-01T14:12:47+00:00","dateModified":"2025-12-01T09:57:41+00:00","breadcrumb":{"@id":"https:\/\/dcg-guesde-montpellier.fr\/?p=138#breadcrumb"},"inLanguage":"fr-FR","potentialAction":[{"@type":"ReadAction","target":["https:\/\/dcg-guesde-montpellier.fr\/?p=138"]}]},{"@type":"ImageObject","inLanguage":"fr-FR","@id":"https:\/\/dcg-guesde-montpellier.fr\/?p=138#primaryimage","url":"https:\/\/dcg-guesde-montpellier.fr\/wp-content\/uploads\/2024\/12\/pexels-timmossholder-1706018-scaled.jpg","contentUrl":"https:\/\/dcg-guesde-montpellier.fr\/wp-content\/uploads\/2024\/12\/pexels-timmossholder-1706018-scaled.jpg","width":2560,"height":2180},{"@type":"BreadcrumbList","@id":"https:\/\/dcg-guesde-montpellier.fr\/?p=138#breadcrumb","itemListElement":[{"@type":"ListItem","position":1,"name":"Accueil","item":"https:\/\/dcg-guesde-montpellier.fr\/"},{"@type":"ListItem","position":2,"name":"Portes ouvertes post-bac au lyc\u00e9e Jules Guesde"}]},{"@type":"WebSite","@id":"https:\/\/dcg-guesde-montpellier.fr\/#website","url":"https:\/\/dcg-guesde-montpellier.fr\/","name":"DCG - Lyc\u00e9e Jules Guesde - Montpellier","description":"Un site utilisant WordPress","publisher":{"@id":"https:\/\/dcg-guesde-montpellier.fr\/#organization"},"potentialAction":[{"@type":"SearchAction","target":{"@type":"EntryPoint","urlTemplate":"https:\/\/dcg-guesde-montpellier.fr\/?s={search_term_string}"},"query-input":{"@type":"PropertyValueSpecification","valueRequired":true,"valueName":"search_term_string"}}],"inLanguage":"fr-FR"},{"@type":"Organization","@id":"https:\/\/dcg-guesde-montpellier.fr\/#organization","name":"DCG - Lyc\u00e9e Jules Guesde - Montpellier","url":"https:\/\/dcg-guesde-montpellier.fr\/","logo":{"@type":"ImageObject","inLanguage":"fr-FR","@id":"https:\/\/dcg-guesde-montpellier.fr\/#\/schema\/logo\/image\/","url":"http:\/\/dcg-guesde-montpellier.fr\/wp-content\/uploads\/2021\/11\/logo_guesde-2.jpg","contentUrl":"http:\/\/dcg-guesde-montpellier.fr\/wp-content\/uploads\/2021\/11\/logo_guesde-2.jpg","width":300,"height":267,"caption":"DCG - Lyc\u00e9e Jules Guesde - Montpellier"},"image":{"@id":"https:\/\/dcg-guesde-montpellier.fr\/#\/schema\/logo\/image\/"}},{"@type":"Person","@id":"https:\/\/dcg-guesde-montpellier.fr\/#\/schema\/person\/3d51aca70c5f48a1b5b00cccda0a4bac","name":"\u00c9quipe DCG","image":{"@type":"ImageObject","inLanguage":"fr-FR","@id":"https:\/\/dcg-guesde-montpellier.fr\/#\/schema\/person\/image\/","url":"https:\/\/secure.gravatar.com\/avatar\/81fcc7504e51caf02f5d972604a580adf769fd0025368c5504c7b26f6132e207?s=96&d=mm&r=g","contentUrl":"https:\/\/secure.gravatar.com\/avatar\/81fcc7504e51caf02f5d972604a580adf769fd0025368c5504c7b26f6132e207?s=96&d=mm&r=g","caption":"\u00c9quipe DCG"},"sameAs":["http:\/\/dcg-guesde-montpellier.fr"],"url":"https:\/\/dcg-guesde-montpellier.fr\/?author=1"}]}},"_links":{"self":[{"href":"https:\/\/dcg-guesde-montpellier.fr\/index.php?rest_route=\/wp\/v2\/posts\/138","targetHints":{"allow":["GET"]}}],"collection":[{"href":"https:\/\/dcg-guesde-montpellier.fr\/index.php?rest_route=\/wp\/v2\/posts"}],"about":[{"href":"https:\/\/dcg-guesde-montpellier.fr\/index.php?rest_route=\/wp\/v2\/types\/post"}],"author":[{"embeddable":true,"href":"https:\/\/dcg-guesde-montpellier.fr\/index.php?rest_route=\/wp\/v2\/users\/1"}],"replies":[{"embeddable":true,"href":"https:\/\/dcg-guesde-montpellier.fr\/index.php?rest_route=%2Fwp%2Fv2%2Fcomments&post=138"}],"version-history":[{"count":7,"href":"https:\/\/dcg-guesde-montpellier.fr\/index.php?rest_route=\/wp\/v2\/posts\/138\/revisions"}],"predecessor-version":[{"id":1613,"href":"https:\/\/dcg-guesde-montpellier.fr\/index.php?rest_route=\/wp\/v2\/posts\/138\/revisions\/1613"}],"wp:attachment":[{"href":"https:\/\/dcg-guesde-montpellier.fr\/index.php?rest_route=%2Fwp%2Fv2%2Fmedia&parent=138"}],"wp:term":[{"taxonomy":"category","embeddable":true,"href":"https:\/\/dcg-guesde-montpellier.fr\/index.php?rest_route=%2Fwp%2Fv2%2Fcategories&post=138"},{"taxonomy":"post_tag","embeddable":true,"href":"https:\/\/dcg-guesde-montpellier.fr\/index.php?rest_route=%2Fwp%2Fv2%2Ftags&post=138"}],"curies":[{"name":"wp","href":"https:\/\/api.w.org\/{rel}","templated":true}]}}